{"id":4436,"date":"2026-08-31T06:29:51","date_gmt":"2026-08-31T10:29:51","guid":{"rendered":"https:\/\/digitalmisiones.com.py\/?p=4436"},"modified":"2026-08-31T06:29:52","modified_gmt":"2026-08-31T10:29:52","slug":"el-nino-llegaria-a-finales-de-septiembre-estiman","status":"publish","type":"post","link":"https:\/\/digitalmisiones.com.py\/index.php\/2026\/08\/31\/el-nino-llegaria-a-finales-de-septiembre-estiman\/","title":{"rendered":"El Ni\u00f1o llegar\u00eda a finales de septiembre, estiman"},"content":{"rendered":"\n<p class=\"has-medium-font-size\">Aunque se hablaba de finales de agosto y pese a las tormentas del fin de semana, las proyecciones que maneja el consejo de emergencia son que el El Ni\u00f1o se instalar\u00eda en los \u00faltimos d\u00edas de septiembre.<\/p>\n\n\n\n<p class=\"has-medium-font-size\">\u00d3scar Gonz\u00e1lez, ministro de Defensa, dijo que afortunadamente, el fen\u00f3meno El Ni\u00f1o no lleg\u00f3 en la segunda quincena de agosto como se estimaba.<\/p>\n\n\n\n<p class=\"has-medium-font-size\">\u201c<strong>Los pron\u00f3sticos determinaron que llegar\u00eda a fines de septiembre ahora\u201d<\/strong>, confirm\u00f3 el general retirado, en una entrevista con la 650 AM. Detall\u00f3 que se esperan lluvias intensas que, en cuesti\u00f3n de minutos, inundar\u00e1n todo.<\/p>\n\n\n\n<p class=\"has-medium-font-size\">La Secretar\u00eda de Emergencia Nacional trabaja en conjunto con el Ministerio de Obras P\u00fablicas, el Ministerio de Salud P\u00fablica y las Fuerzas Armadas, con foco en infraestructura, respuesta sanitaria y log\u00edstica.<\/p>\n\n\n\n<p class=\"has-medium-font-size\">En Coronel Oviedo, Santa Rosa del Aguaray, Villa Choferes y Teniente Esteban Mart\u00ednez se instalar\u00e1n dep\u00f3sitos de preposicionamiento para garantizar una respuesta r\u00e1pida ante eventuales emergencias.<\/p>\n\n\n\n<p class=\"\">Fuente: HOY<\/p>\n","protected":false},"excerpt":{"rendered":"<p>Aunque se hablaba de finales de agosto y pese a las tormentas del fin de semana, las proyecciones que maneja el consejo de emergencia son que el El Ni\u00f1o se instalar\u00eda en los \u00faltimos d\u00edas de septiembre. \u00d3scar Gonz\u00e1lez, ministro de Defensa, dijo que afortunadamente, el fen\u00f3meno El Ni\u00f1o no lleg\u00f3 en la segunda quincena [&hellip;]<\/p>\n","protected":false},"author":2,"featured_media":4437,"comment_status":"open","ping_status":"open","sticky":false,"template":"","format":"standard","meta":{"_uag_custom_page_level_css":"","footnotes":"","jetpack_publicize_message":"","jetpack_publicize_feature_enabled":true,"jetpack_social_post_already_shared":true,"jetpack_social_options":{"image_generator_settings":{"template":"highway","default_image_id":0,"font":"","enabled":false},"version":2}},"categories":[12],"tags":[],"class_list":["post-4436","post","type-post","status-publish","format-standard","has-post-thumbnail","hentry","category-nacionales"],"jetpack_publicize_connections":[],"featured_image_urls":{"full":["https:\/\/digitalmisiones.com.py\/wp-content\/uploads\/2026\/08\/llu.avif",760,420,false],"thumbnail":["https:\/\/digitalmisiones.com.py\/wp-content\/uploads\/2026\/08\/llu-150x150.avif",150,150,true],"medium":["https:\/\/digitalmisiones.com.py\/wp-content\/uploads\/2026\/08\/llu-300x166.avif",300,166,true],"medium_large":["https:\/\/digitalmisiones.com.py\/wp-content\/uploads\/2026\/08\/llu.avif",640,354,false],"large":["https:\/\/digitalmisiones.com.py\/wp-content\/uploads\/2026\/08\/llu.avif",640,354,false],"1536x1536":["https:\/\/digitalmisiones.com.py\/wp-content\/uploads\/2026\/08\/llu.avif",760,420,false],"2048x2048":["https:\/\/digitalmisiones.com.py\/wp-content\/uploads\/2026\/08\/llu.avif",760,420,false],"ultp_layout_landscape_large":["https:\/\/digitalmisiones.com.py\/wp-content\/uploads\/2026\/08\/llu.avif",760,420,false],"ultp_layout_landscape":["https:\/\/digitalmisiones.com.py\/wp-content\/uploads\/2026\/08\/llu.avif",760,420,false],"ultp_layout_portrait":["https:\/\/digitalmisiones.com.py\/wp-content\/uploads\/2026\/08\/llu-600x420.avif",600,420,true],"ultp_layout_square":["https:\/\/digitalmisiones.com.py\/wp-content\/uploads\/2026\/08\/llu-600x420.avif",600,420,true],"newsair-slider-full":["https:\/\/digitalmisiones.com.py\/wp-content\/uploads\/2026\/08\/llu.avif",760,420,false],"newsair-featured":["https:\/\/digitalmisiones.com.py\/wp-content\/uploads\/2026\/08\/llu.avif",760,420,false],"newsair-medium":["https:\/\/digitalmisiones.com.py\/wp-content\/uploads\/2026\/08\/llu-720x380.avif",720,380,true]},"author_info":{"info":["DM"]},"category_info":"<a href=\"https:\/\/digitalmisiones.com.py\/index.php\/category\/nacionales\/\" rel=\"category tag\">Nacionales<\/a>","tag_info":"Nacionales","comment_count":"0","uagb_featured_image_src":{"full":["https:\/\/digitalmisiones.com.py\/wp-content\/uploads\/2026\/08\/llu.avif",760,420,false],"thumbnail":["https:\/\/digitalmisiones.com.py\/wp-content\/uploads\/2026\/08\/llu-150x150.avif",150,150,true],"medium":["https:\/\/digitalmisiones.com.py\/wp-content\/uploads\/2026\/08\/llu-300x166.avif",300,166,true],"medium_large":["https:\/\/digitalmisiones.com.py\/wp-content\/uploads\/2026\/08\/llu.avif",640,354,false],"large":["https:\/\/digitalmisiones.com.py\/wp-content\/uploads\/2026\/08\/llu.avif",640,354,false],"1536x1536":["https:\/\/digitalmisiones.com.py\/wp-content\/uploads\/2026\/08\/llu.avif",760,420,false],"2048x2048":["https:\/\/digitalmisiones.com.py\/wp-content\/uploads\/2026\/08\/llu.avif",760,420,false],"ultp_layout_landscape_large":["https:\/\/digitalmisiones.com.py\/wp-content\/uploads\/2026\/08\/llu.avif",760,420,false],"ultp_layout_landscape":["https:\/\/digitalmisiones.com.py\/wp-content\/uploads\/2026\/08\/llu.avif",760,420,false],"ultp_layout_portrait":["https:\/\/digitalmisiones.com.py\/wp-content\/uploads\/2026\/08\/llu-600x420.avif",600,420,true],"ultp_layout_square":["https:\/\/digitalmisiones.com.py\/wp-content\/uploads\/2026\/08\/llu-600x420.avif",600,420,true],"newsair-slider-full":["https:\/\/digitalmisiones.com.py\/wp-content\/uploads\/2026\/08\/llu.avif",760,420,false],"newsair-featured":["https:\/\/digitalmisiones.com.py\/wp-content\/uploads\/2026\/08\/llu.avif",760,420,false],"newsair-medium":["https:\/\/digitalmisiones.com.py\/wp-content\/uploads\/2026\/08\/llu-720x380.avif",720,380,true]},"uagb_author_info":{"display_name":"DM","author_link":"https:\/\/digitalmisiones.com.py\/index.php\/author\/digitalmisiones\/"},"uagb_comment_info":0,"uagb_excerpt":"Aunque se hablaba de finales de agosto y pese a las tormentas del fin de semana, las proyecciones que maneja el consejo de emergencia son que el El Ni\u00f1o se instalar\u00eda en los \u00faltimos d\u00edas de septiembre. \u00d3scar Gonz\u00e1lez, ministro de Defensa, dijo que afortunadamente, el fen\u00f3meno El Ni\u00f1o no lleg\u00f3 en la segunda quincena&hellip;","rttpg_featured_image_url":{"full":["https:\/\/digitalmisiones.com.py\/wp-content\/uploads\/2026\/08\/llu.avif",760,420,false],"landscape":["https:\/\/digitalmisiones.com.py\/wp-content\/uploads\/2026\/08\/llu.avif",760,420,false],"portraits":["https:\/\/digitalmisiones.com.py\/wp-content\/uploads\/2026\/08\/llu.avif",760,420,false],"thumbnail":["https:\/\/digitalmisiones.com.py\/wp-content\/uploads\/2026\/08\/llu-150x150.avif",150,150,true],"medium":["https:\/\/digitalmisiones.com.py\/wp-content\/uploads\/2026\/08\/llu-300x166.avif",300,166,true],"large":["https:\/\/digitalmisiones.com.py\/wp-content\/uploads\/2026\/08\/llu.avif",640,354,false],"1536x1536":["https:\/\/digitalmisiones.com.py\/wp-content\/uploads\/2026\/08\/llu.avif",760,420,false],"2048x2048":["https:\/\/digitalmisiones.com.py\/wp-content\/uploads\/2026\/08\/llu.avif",760,420,false],"ultp_layout_landscape_large":["https:\/\/digitalmisiones.com.py\/wp-content\/uploads\/2026\/08\/llu.avif",760,420,false],"ultp_layout_landscape":["https:\/\/digitalmisiones.com.py\/wp-content\/uploads\/2026\/08\/llu.avif",760,420,false],"ultp_layout_portrait":["https:\/\/digitalmisiones.com.py\/wp-content\/uploads\/2026\/08\/llu-600x420.avif",600,420,true],"ultp_layout_square":["https:\/\/digitalmisiones.com.py\/wp-content\/uploads\/2026\/08\/llu-600x420.avif",600,420,true],"newsair-slider-full":["https:\/\/digitalmisiones.com.py\/wp-content\/uploads\/2026\/08\/llu.avif",760,420,false],"newsair-featured":["https:\/\/digitalmisiones.com.py\/wp-content\/uploads\/2026\/08\/llu.avif",760,420,false],"newsair-medium":["https:\/\/digitalmisiones.com.py\/wp-content\/uploads\/2026\/08\/llu-720x380.avif",720,380,true]},"rttpg_author":{"display_name":"DM","author_link":"https:\/\/digitalmisiones.com.py\/index.php\/author\/digitalmisiones\/"},"rttpg_comment":0,"rttpg_category":"<a href=\"https:\/\/digitalmisiones.com.py\/index.php\/category\/nacionales\/\" rel=\"category tag\">Nacionales<\/a>","rttpg_excerpt":"Aunque se hablaba de finales de agosto y pese a las tormentas del fin de semana, las proyecciones que maneja el consejo de emergencia son que el El Ni\u00f1o se instalar\u00eda en los \u00faltimos d\u00edas de septiembre. \u00d3scar Gonz\u00e1lez, ministro de Defensa, dijo que afortunadamente, el fen\u00f3meno El Ni\u00f1o no lleg\u00f3 en la segunda quincena&hellip;","_links":{"self":[{"href":"https:\/\/digitalmisiones.com.py\/index.php\/wp-json\/wp\/v2\/posts\/4436","targetHints":{"allow":["GET"]}}],"collection":[{"href":"https:\/\/digitalmisiones.com.py\/index.php\/wp-json\/wp\/v2\/posts"}],"about":[{"href":"https:\/\/digitalmisiones.com.py\/index.php\/wp-json\/wp\/v2\/types\/post"}],"author":[{"embeddable":true,"href":"https:\/\/digitalmisiones.com.py\/index.php\/wp-json\/wp\/v2\/users\/2"}],"replies":[{"embeddable":true,"href":"https:\/\/digitalmisiones.com.py\/index.php\/wp-json\/wp\/v2\/comments?post=4436"}],"version-history":[{"count":1,"href":"https:\/\/digitalmisiones.com.py\/index.php\/wp-json\/wp\/v2\/posts\/4436\/revisions"}],"predecessor-version":[{"id":4438,"href":"https:\/\/digitalmisiones.com.py\/index.php\/wp-json\/wp\/v2\/posts\/4436\/revisions\/4438"}],"wp:featuredmedia":[{"embeddable":true,"href":"https:\/\/digitalmisiones.com.py\/index.php\/wp-json\/wp\/v2\/media\/4437"}],"wp:attachment":[{"href":"https:\/\/digitalmisiones.com.py\/index.php\/wp-json\/wp\/v2\/media?parent=4436"}],"wp:term":[{"taxonomy":"category","embeddable":true,"href":"https:\/\/digitalmisiones.com.py\/index.php\/wp-json\/wp\/v2\/categories?post=4436"},{"taxonomy":"post_tag","embeddable":true,"href":"https:\/\/digitalmisiones.com.py\/index.php\/wp-json\/wp\/v2\/tags?post=4436"}],"curies":[{"name":"wp","href":"https:\/\/api.w.org\/{rel}","templated":true}]}}